{"id":234,"date":"2019-11-02T05:27:10","date_gmt":"2019-11-02T02:27:10","guid":{"rendered":"https:\/\/www.climateactionyear.info\/action\/?p=234"},"modified":"2019-11-02T05:28:10","modified_gmt":"2019-11-02T02:28:10","slug":"climate-action-3-52","status":"publish","type":"post","link":"https:\/\/www.climateactionyear.info\/action\/uncategorized\/climate-action-3-52\/","title":{"rendered":"Climate action 3\/52"},"content":{"rendered":"<p>Luokassa j\u00e4rjestimme 5b-luokan \u00a0kanssa tarjottimettoman viikon. Oppilaat ottivat ruoan ilman tarjotinta, mik\u00e4 merkitsee 5*48 =240 tarjotinta viikossa. Maanantaina k\u00e4ymme kysym\u00e4ss\u00e4, kuinka monta tarjotinta koneeseen mahtuu, ja laskemme, kuinka monta koneellista tiski\u00e4 s\u00e4\u00e4styi yhteens\u00e4. Paljonko t\u00e4m\u00e4 k\u00e4yt\u00e4nt\u00f6 s\u00e4\u00e4st\u00e4isi vuodessa? Ent\u00e4 jos koko koulu innostuisi siihen?<\/p>\n","protected":false},"excerpt":{"rendered":"<div class=\"mh-excerpt\"><p>Luokassa j\u00e4rjestimme 5b-luokan \u00a0kanssa tarjottimettoman viikon. Oppilaat ottivat ruoan ilman tarjotinta, mik\u00e4 merkitsee 5*48 =240 tarjotinta viikossa. Maanantaina k\u00e4ymme kysym\u00e4ss\u00e4, kuinka monta tarjotinta koneeseen mahtuu, <a class=\"mh-excerpt-more\" href=\"https:\/\/www.climateactionyear.info\/action\/uncategorized\/climate-action-3-52\/\" title=\"Climate action 3\/52\">[&#8230;]<\/a><\/p>\n<\/div>","protected":false},"author":4,"featured_media":0,"comment_status":"open","ping_status":"open","sticky":false,"template":"","format":"standard","meta":[],"categories":[12,1],"tags":[19],"_links":{"self":[{"href":"https:\/\/www.climateactionyear.info\/action\/wp-json\/wp\/v2\/posts\/234"}],"collection":[{"href":"https:\/\/www.climateactionyear.info\/action\/wp-json\/wp\/v2\/posts"}],"about":[{"href":"https:\/\/www.climateactionyear.info\/action\/wp-json\/wp\/v2\/types\/post"}],"author":[{"embeddable":true,"href":"https:\/\/www.climateactionyear.info\/action\/wp-json\/wp\/v2\/users\/4"}],"replies":[{"embeddable":true,"href":"https:\/\/www.climateactionyear.info\/action\/wp-json\/wp\/v2\/comments?post=234"}],"version-history":[{"count":2,"href":"https:\/\/www.climateactionyear.info\/action\/wp-json\/wp\/v2\/posts\/234\/revisions"}],"predecessor-version":[{"id":242,"href":"https:\/\/www.climateactionyear.info\/action\/wp-json\/wp\/v2\/posts\/234\/revisions\/242"}],"wp:attachment":[{"href":"https:\/\/www.climateactionyear.info\/action\/wp-json\/wp\/v2\/media?parent=234"}],"wp:term":[{"taxonomy":"category","embeddable":true,"href":"https:\/\/www.climateactionyear.info\/action\/wp-json\/wp\/v2\/categories?post=234"},{"taxonomy":"post_tag","embeddable":true,"href":"https:\/\/www.climateactionyear.info\/action\/wp-json\/wp\/v2\/tags?post=234"}],"curies":[{"name":"wp","href":"https:\/\/api.w.org\/{rel}","templated":true}]}}