{"id":232,"date":"2019-11-02T05:22:52","date_gmt":"2019-11-02T02:22:52","guid":{"rendered":"https:\/\/www.climateactionyear.info\/action\/?p=232"},"modified":"2019-11-02T05:22:52","modified_gmt":"2019-11-02T02:22:52","slug":"ilmastoteko-2-52","status":"publish","type":"post","link":"https:\/\/www.climateactionyear.info\/action\/uncategorized\/ilmastoteko-2-52\/","title":{"rendered":"Ilmastoteko 2\/52"},"content":{"rendered":"<p>T\u00e4t\u00e4 en voinut tehd\u00e4 luokkahuoneessa, koska ei ollut koulua, syysloma!\u2764\ufe0f<br \/>\nEli kompostointia, l\u00e4hiruokaa, lasten kodeissa kierr\u00e4tyst\u00e4 ja kompostointijuttuja kuntoon.<\/p>\n","protected":false},"excerpt":{"rendered":"<div class=\"mh-excerpt\"><p>T\u00e4t\u00e4 en voinut tehd\u00e4 luokkahuoneessa, koska ei ollut koulua, syysloma!\u2764\ufe0f Eli kompostointia, l\u00e4hiruokaa, lasten kodeissa kierr\u00e4tyst\u00e4 ja kompostointijuttuja kuntoon.<\/p>\n<\/div>","protected":false},"author":4,"featured_media":0,"comment_status":"open","ping_status":"open","sticky":false,"template":"","format":"standard","meta":[],"categories":[1],"tags":[],"_links":{"self":[{"href":"https:\/\/www.climateactionyear.info\/action\/wp-json\/wp\/v2\/posts\/232"}],"collection":[{"href":"https:\/\/www.climateactionyear.info\/action\/wp-json\/wp\/v2\/posts"}],"about":[{"href":"https:\/\/www.climateactionyear.info\/action\/wp-json\/wp\/v2\/types\/post"}],"author":[{"embeddable":true,"href":"https:\/\/www.climateactionyear.info\/action\/wp-json\/wp\/v2\/users\/4"}],"replies":[{"embeddable":true,"href":"https:\/\/www.climateactionyear.info\/action\/wp-json\/wp\/v2\/comments?post=232"}],"version-history":[{"count":1,"href":"https:\/\/www.climateactionyear.info\/action\/wp-json\/wp\/v2\/posts\/232\/revisions"}],"predecessor-version":[{"id":233,"href":"https:\/\/www.climateactionyear.info\/action\/wp-json\/wp\/v2\/posts\/232\/revisions\/233"}],"wp:attachment":[{"href":"https:\/\/www.climateactionyear.info\/action\/wp-json\/wp\/v2\/media?parent=232"}],"wp:term":[{"taxonomy":"category","embeddable":true,"href":"https:\/\/www.climateactionyear.info\/action\/wp-json\/wp\/v2\/categories?post=232"},{"taxonomy":"post_tag","embeddable":true,"href":"https:\/\/www.climateactionyear.info\/action\/wp-json\/wp\/v2\/tags?post=232"}],"curies":[{"name":"wp","href":"https:\/\/api.w.org\/{rel}","templated":true}]}}