{"id":199,"date":"2019-10-15T23:41:44","date_gmt":"2019-10-15T20:41:44","guid":{"rendered":"https:\/\/www.climateactionyear.info\/action\/?p=199"},"modified":"2019-10-15T23:48:10","modified_gmt":"2019-10-15T20:48:10","slug":"climate-action-1-52","status":"publish","type":"post","link":"https:\/\/www.climateactionyear.info\/action\/uncategorized\/climate-action-1-52\/","title":{"rendered":"Climate action 1\/52"},"content":{"rendered":"<p><span style=\"vertical-align: inherit;\"><span style=\"vertical-align: inherit;\"><span style=\"vertical-align: inherit;\"><span style=\"vertical-align: inherit;\"><span style=\"vertical-align: inherit;\"><span style=\"vertical-align: inherit;\">Ilmastotoiminnan vuosi luokkahuoneessa. <\/span><span style=\"vertical-align: inherit;\">1\/52 Me keksimme satoja pieni\u00e4 ilmastoasiakirjoja, muistimme ne ja raportoimme viikon ajan. <\/span><\/span><\/span><\/span><span style=\"vertical-align: inherit;\"><span style=\"vertical-align: inherit;\"><span style=\"vertical-align: inherit;\"><span style=\"vertical-align: inherit;\">Yhdess\u00e4 saimme yli 1300 pient\u00e4 tekoa! <\/span><\/span><\/span><\/span><a href=\"https:\/\/photos.app.goo.gl\/PkhhRcNnhm7bk3Ux9\"><span style=\"vertical-align: inherit;\"><span style=\"vertical-align: inherit;\"><span style=\"vertical-align: inherit;\"><span style=\"vertical-align: inherit;\">https:\/\/photos.app.goo.gl\/PkhhRcNnhm7bk3Ux9<\/span><\/span><\/span><\/span><\/a><\/span><\/span><\/p>\n","protected":false},"excerpt":{"rendered":"<div class=\"mh-excerpt\"><p>Ilmastotoiminnan vuosi luokkahuoneessa. 1\/52 Me keksimme satoja pieni\u00e4 ilmastoasiakirjoja, muistimme ne ja raportoimme viikon ajan. Yhdess\u00e4 saimme yli 1300 pient\u00e4 tekoa! https:\/\/photos.app.goo.gl\/PkhhRcNnhm7bk3Ux9<\/p>\n<\/div>","protected":false},"author":4,"featured_media":0,"comment_status":"open","ping_status":"open","sticky":false,"template":"","format":"standard","meta":[],"categories":[1],"tags":[],"_links":{"self":[{"href":"https:\/\/www.climateactionyear.info\/action\/wp-json\/wp\/v2\/posts\/199"}],"collection":[{"href":"https:\/\/www.climateactionyear.info\/action\/wp-json\/wp\/v2\/posts"}],"about":[{"href":"https:\/\/www.climateactionyear.info\/action\/wp-json\/wp\/v2\/types\/post"}],"author":[{"embeddable":true,"href":"https:\/\/www.climateactionyear.info\/action\/wp-json\/wp\/v2\/users\/4"}],"replies":[{"embeddable":true,"href":"https:\/\/www.climateactionyear.info\/action\/wp-json\/wp\/v2\/comments?post=199"}],"version-history":[{"count":6,"href":"https:\/\/www.climateactionyear.info\/action\/wp-json\/wp\/v2\/posts\/199\/revisions"}],"predecessor-version":[{"id":205,"href":"https:\/\/www.climateactionyear.info\/action\/wp-json\/wp\/v2\/posts\/199\/revisions\/205"}],"wp:attachment":[{"href":"https:\/\/www.climateactionyear.info\/action\/wp-json\/wp\/v2\/media?parent=199"}],"wp:term":[{"taxonomy":"category","embeddable":true,"href":"https:\/\/www.climateactionyear.info\/action\/wp-json\/wp\/v2\/categories?post=199"},{"taxonomy":"post_tag","embeddable":true,"href":"https:\/\/www.climateactionyear.info\/action\/wp-json\/wp\/v2\/tags?post=199"}],"curies":[{"name":"wp","href":"https:\/\/api.w.org\/{rel}","templated":true}]}}